{"id":510,"date":"2023-03-08T12:45:46","date_gmt":"2023-03-08T12:45:46","guid":{"rendered":"http:\/\/www.fsys.pt\/fsysnews\/?p=510"},"modified":"2023-03-08T12:45:46","modified_gmt":"2023-03-08T12:45:46","slug":"innovation-days-schneider-2023","status":"publish","type":"post","link":"http:\/\/www.fsys.pt\/fsysnews\/innovation-days-schneider-2023\/","title":{"rendered":"Innovation Days @ Schneider 2023"},"content":{"rendered":"\n<p><strong>A Fsys como EcoXpert participou no Evento Innovation Days da Schneider- 2023 em Madrid <br><\/strong><br><\/p>\n\n\n\n<figure class=\"wp-block-image\"><img loading=\"lazy\" decoding=\"async\" width=\"1024\" height=\"1024\" src=\"https:\/\/www.fsys.pt\/fsysnews\/wp-content\/uploads\/2023\/03\/Imagem-WhatsApp-2023-03-08-\u00e0s-12.27.34-1024x1024.jpg\" alt=\"\" class=\"wp-image-513\" srcset=\"http:\/\/www.fsys.pt\/fsysnews\/wp-content\/uploads\/2023\/03\/Imagem-WhatsApp-2023-03-08-\u00e0s-12.27.34-1024x1024.jpg 1024w, http:\/\/www.fsys.pt\/fsysnews\/wp-content\/uploads\/2023\/03\/Imagem-WhatsApp-2023-03-08-\u00e0s-12.27.34-150x150.jpg 150w, http:\/\/www.fsys.pt\/fsysnews\/wp-content\/uploads\/2023\/03\/Imagem-WhatsApp-2023-03-08-\u00e0s-12.27.34-300x300.jpg 300w, http:\/\/www.fsys.pt\/fsysnews\/wp-content\/uploads\/2023\/03\/Imagem-WhatsApp-2023-03-08-\u00e0s-12.27.34-768x768.jpg 768w, http:\/\/www.fsys.pt\/fsysnews\/wp-content\/uploads\/2023\/03\/Imagem-WhatsApp-2023-03-08-\u00e0s-12.27.34-624x624.jpg 624w, http:\/\/www.fsys.pt\/fsysnews\/wp-content\/uploads\/2023\/03\/Imagem-WhatsApp-2023-03-08-\u00e0s-12.27.34.jpg 1440w\" sizes=\"auto, (max-width: 1024px) 100vw, 1024px\" \/><\/figure>\n\n\n\n<p><strong>Innovation Days \u2013 Parceiros EcoXpert<\/strong><\/p>\n\n\n\n<p>O evento foi dedicado aos Parceiros EcoXpert, que s\u00e3o os respons\u00e1veis pela  implementa\u00e7\u00e3o de solu\u00e7\u00f5es inteligentes EcoStruxure em todo o mundo. <\/p>\n\n\n\n<p>Entre outros temas debateu-se a crise energ\u00e9tica, as necessidades de gest\u00e3o de edificios, a melhoria da sua efici\u00eancia energ\u00e9tica e as oportunidades de neg\u00f3cio adjacentes a esta trasnforma\u00e7\u00e3o. <\/p>\n\n\n\n<p>Na sua interven\u00e7\u00e3o, Jordi Garcia, Digital Energy &amp; Power Products VP da Scheider Electric,  transmitiu as principais &#8220;Guide Lines&#8221; e o compromisso da marca criar solu\u00e7\u00f5es que visem a melhoria da efici\u00eancia energ\u00e9tica nos edif\u00edcios. <br><br> <em>\u201cNa Schneider Electric acreditamos firmemente que somos parte da solu\u00e7\u00e3o para a descarboniza\u00e7\u00e3o, eletrifica\u00e7\u00e3o e descentraliza\u00e7\u00e3o da energia; mas n\u00e3o podemos chegar l\u00e1 sozinhos! Precisamos de um ecossistema de parceiros robusto, com quem criamos alian\u00e7as e a quem acompanhamos em todos os momentos desta transi\u00e7\u00e3o rumo \u00e0 sustentabilidade e \u00e0 efici\u00eancia energ\u00e9tica,\u201d<\/em> <\/p>\n\n\n\n<p><br><em>\u00a0\u201c\u00c9 por isso que a nossa miss\u00e3o passa por oferecer aos parceiros solu\u00e7\u00f5es inovadoras, ferramentas digitais e forma\u00e7\u00e3o, para que possam diferenciar-se no mercado, potenciar o seu neg\u00f3cio e, em retorno, crescermos juntos.\u201d<\/em><\/p>\n\n\n\n<figure class=\"wp-block-image\"><img loading=\"lazy\" decoding=\"async\" width=\"1024\" height=\"1024\" src=\"https:\/\/www.fsys.pt\/fsysnews\/wp-content\/uploads\/2023\/03\/Imagem-WhatsApp-2023-03-08-\u00e0s-12.27.34-1-1024x1024.jpg\" alt=\"\" class=\"wp-image-514\" srcset=\"http:\/\/www.fsys.pt\/fsysnews\/wp-content\/uploads\/2023\/03\/Imagem-WhatsApp-2023-03-08-\u00e0s-12.27.34-1-1024x1024.jpg 1024w, http:\/\/www.fsys.pt\/fsysnews\/wp-content\/uploads\/2023\/03\/Imagem-WhatsApp-2023-03-08-\u00e0s-12.27.34-1-150x150.jpg 150w, http:\/\/www.fsys.pt\/fsysnews\/wp-content\/uploads\/2023\/03\/Imagem-WhatsApp-2023-03-08-\u00e0s-12.27.34-1-300x300.jpg 300w, http:\/\/www.fsys.pt\/fsysnews\/wp-content\/uploads\/2023\/03\/Imagem-WhatsApp-2023-03-08-\u00e0s-12.27.34-1-768x768.jpg 768w, http:\/\/www.fsys.pt\/fsysnews\/wp-content\/uploads\/2023\/03\/Imagem-WhatsApp-2023-03-08-\u00e0s-12.27.34-1-624x624.jpg 624w, http:\/\/www.fsys.pt\/fsysnews\/wp-content\/uploads\/2023\/03\/Imagem-WhatsApp-2023-03-08-\u00e0s-12.27.34-1.jpg 1440w\" sizes=\"auto, (max-width: 1024px) 100vw, 1024px\" \/><\/figure>\n\n\n\n<p>Tamb\u00e9m foram apresentadas a \u00faltimas novidades da marca em termos de tecnologia para equipar e gerir de forma efici\u00eanciente a energia em edificios, assim como, as solu\u00e7\u00f5es para a mobilidade el\u00e9ctrica. <br><\/p>\n\n\n\n<p>Mais informa\u00e7\u00f5es sobre o programa ecoxpert em : <br>https:\/\/www.se.com\/pt\/pt\/partners\/ecoxpert\/<br><\/p>\n","protected":false},"excerpt":{"rendered":"<p>A Fsys como EcoXpert participou no Evento Innovation Days da Schneider- 2023 em Madrid Innovation Days \u2013 Parceiros EcoXpert O evento foi dedicado aos Parceiros EcoXpert, que s\u00e3o os respons\u00e1veis pela implementa\u00e7\u00e3o de solu\u00e7\u00f5es inteligentes EcoStruxure em todo o mundo. Entre outros temas debateu-se a crise energ\u00e9tica, as necessidades de gest\u00e3o de edificios, a melhoria [&hellip;]<\/p>\n","protected":false},"author":1,"featured_media":512,"comment_status":"closed","ping_status":"open","sticky":true,"template":"","format":"standard","meta":{"footnotes":""},"categories":[3,10,27,1],"tags":[114,70,118,115,116],"class_list":["post-510","post","type-post","status-publish","format-standard","has-post-thumbnail","hentry","category-domotica","category-eficiencia-energetica","category-novidades-fsys","category-sem-categoria","tag-ecoxpert","tag-eficiencia-energetica","tag-mobilidade-electrica","tag-schneider","tag-smartbuildings"],"_links":{"self":[{"href":"http:\/\/www.fsys.pt\/fsysnews\/wp-json\/wp\/v2\/posts\/510","targetHints":{"allow":["GET"]}}],"collection":[{"href":"http:\/\/www.fsys.pt\/fsysnews\/wp-json\/wp\/v2\/posts"}],"about":[{"href":"http:\/\/www.fsys.pt\/fsysnews\/wp-json\/wp\/v2\/types\/post"}],"author":[{"embeddable":true,"href":"http:\/\/www.fsys.pt\/fsysnews\/wp-json\/wp\/v2\/users\/1"}],"replies":[{"embeddable":true,"href":"http:\/\/www.fsys.pt\/fsysnews\/wp-json\/wp\/v2\/comments?post=510"}],"version-history":[{"count":3,"href":"http:\/\/www.fsys.pt\/fsysnews\/wp-json\/wp\/v2\/posts\/510\/revisions"}],"predecessor-version":[{"id":516,"href":"http:\/\/www.fsys.pt\/fsysnews\/wp-json\/wp\/v2\/posts\/510\/revisions\/516"}],"wp:featuredmedia":[{"embeddable":true,"href":"http:\/\/www.fsys.pt\/fsysnews\/wp-json\/wp\/v2\/media\/512"}],"wp:attachment":[{"href":"http:\/\/www.fsys.pt\/fsysnews\/wp-json\/wp\/v2\/media?parent=510"}],"wp:term":[{"taxonomy":"category","embeddable":true,"href":"http:\/\/www.fsys.pt\/fsysnews\/wp-json\/wp\/v2\/categories?post=510"},{"taxonomy":"post_tag","embeddable":true,"href":"http:\/\/www.fsys.pt\/fsysnews\/wp-json\/wp\/v2\/tags?post=510"}],"curies":[{"name":"wp","href":"https:\/\/api.w.org\/{rel}","templated":true}]}}