{"id":494,"date":"2019-02-25T18:27:36","date_gmt":"2019-02-25T18:27:36","guid":{"rendered":"http:\/\/www.fsys.pt\/fsysnews\/?p=494"},"modified":"2019-02-25T19:18:10","modified_gmt":"2019-02-25T19:18:10","slug":"tenha-luz-do-dia-em-qualquer-divisao","status":"publish","type":"post","link":"http:\/\/www.fsys.pt\/fsysnews\/tenha-luz-do-dia-em-qualquer-divisao\/","title":{"rendered":"Tenha luz do dia em qualquer divis\u00e3o."},"content":{"rendered":"\n<p><\/p>\n\n\n\n<ul class=\"wp-block-gallery columns-1 is-cropped wp-block-gallery-1 is-layout-flex wp-block-gallery-is-layout-flex\"><li class=\"blocks-gallery-item\"><figure><img loading=\"lazy\" decoding=\"async\" width=\"1024\" height=\"925\" src=\"http:\/\/www.fsys.pt\/fsysnews\/wp-content\/uploads\/2019\/02\/Natural_Light-3-1024x925.png\" alt=\"\" data-id=\"498\" data-link=\"http:\/\/www.fsys.pt\/fsysnews\/?attachment_id=498\" class=\"wp-image-498\" srcset=\"http:\/\/www.fsys.pt\/fsysnews\/wp-content\/uploads\/2019\/02\/Natural_Light-3-1024x925.png 1024w, http:\/\/www.fsys.pt\/fsysnews\/wp-content\/uploads\/2019\/02\/Natural_Light-3-300x271.png 300w, http:\/\/www.fsys.pt\/fsysnews\/wp-content\/uploads\/2019\/02\/Natural_Light-3-768x693.png 768w, http:\/\/www.fsys.pt\/fsysnews\/wp-content\/uploads\/2019\/02\/Natural_Light-3-624x563.png 624w\" sizes=\"auto, (max-width: 1024px) 100vw, 1024px\" \/><\/figure><\/li><\/ul>\n\n\n\n<p>\n\nA luz do dia \u00e9 um recurso muito importante para o nosso bem estar.<\/p>\n\n\n\n<p>Estudos demonstram que a luz do dia tem um grande impacto na nossa sa\u00fade, tanto f\u00edsica como psicol\u00f3gica. \n\n<\/p>\n\n\n\n<p style=\"text-align:left\">A nossa exposi\u00e7\u00e3o \u00e0 luz solar varia significativamente dependendo do  tempo, das esta\u00e7\u00f5es do ano, da latitude, do clima e do  tipo de edif\u00edcio em que vivemos.<br><br><strong>Pela primeira vez podemos controlar este factor t\u00e3o importante para o nosso bem estar ! <\/strong><br><\/p>\n\n\n\n<p>Com o sistema de ilumina\u00e7\u00e3o GoodNight, dispon\u00edvel em 2 tamanhos podemos instalar uma &#8220;Janela&#8221; em qualquer divis\u00e3o.<br><\/p>\n\n\n\n<figure class=\"wp-block-image\"><img loading=\"lazy\" decoding=\"async\" width=\"1024\" height=\"423\" src=\"http:\/\/www.fsys.pt\/fsysnews\/wp-content\/uploads\/2019\/02\/Natural_Light4-1024x423.png\" alt=\"\" class=\"wp-image-504\" srcset=\"http:\/\/www.fsys.pt\/fsysnews\/wp-content\/uploads\/2019\/02\/Natural_Light4-1024x423.png 1024w, http:\/\/www.fsys.pt\/fsysnews\/wp-content\/uploads\/2019\/02\/Natural_Light4-300x124.png 300w, http:\/\/www.fsys.pt\/fsysnews\/wp-content\/uploads\/2019\/02\/Natural_Light4-768x317.png 768w, http:\/\/www.fsys.pt\/fsysnews\/wp-content\/uploads\/2019\/02\/Natural_Light4-624x258.png 624w, http:\/\/www.fsys.pt\/fsysnews\/wp-content\/uploads\/2019\/02\/Natural_Light4.png 1464w\" sizes=\"auto, (max-width: 1024px) 100vw, 1024px\" \/><\/figure>\n\n\n\n<figure class=\"wp-block-image\"><img loading=\"lazy\" decoding=\"async\" width=\"978\" height=\"766\" src=\"http:\/\/www.fsys.pt\/fsysnews\/wp-content\/uploads\/2019\/02\/natural-light.png\" alt=\"\" class=\"wp-image-499\" srcset=\"http:\/\/www.fsys.pt\/fsysnews\/wp-content\/uploads\/2019\/02\/natural-light.png 978w, http:\/\/www.fsys.pt\/fsysnews\/wp-content\/uploads\/2019\/02\/natural-light-300x235.png 300w, http:\/\/www.fsys.pt\/fsysnews\/wp-content\/uploads\/2019\/02\/natural-light-768x602.png 768w, http:\/\/www.fsys.pt\/fsysnews\/wp-content\/uploads\/2019\/02\/natural-light-624x489.png 624w\" sizes=\"auto, (max-width: 978px) 100vw, 978px\" \/><\/figure>\n\n\n\n<p>\u00c9 o primeiro sistema de luz artificial capaz de reproduzir a luz natural.<br><\/p>\n\n\n\n<figure class=\"wp-block-image\"><img loading=\"lazy\" decoding=\"async\" width=\"1024\" height=\"431\" src=\"http:\/\/www.fsys.pt\/fsysnews\/wp-content\/uploads\/2019\/02\/natural-ligh-3-1024x431.png\" alt=\"\" class=\"wp-image-500\" srcset=\"http:\/\/www.fsys.pt\/fsysnews\/wp-content\/uploads\/2019\/02\/natural-ligh-3-1024x431.png 1024w, http:\/\/www.fsys.pt\/fsysnews\/wp-content\/uploads\/2019\/02\/natural-ligh-3-300x126.png 300w, http:\/\/www.fsys.pt\/fsysnews\/wp-content\/uploads\/2019\/02\/natural-ligh-3-768x323.png 768w, http:\/\/www.fsys.pt\/fsysnews\/wp-content\/uploads\/2019\/02\/natural-ligh-3-624x263.png 624w, http:\/\/www.fsys.pt\/fsysnews\/wp-content\/uploads\/2019\/02\/natural-ligh-3.png 1408w\" sizes=\"auto, (max-width: 1024px) 100vw, 1024px\" \/><\/figure>\n\n\n\n<p>Este tipo de ilumina\u00e7\u00e3o auto ajusta-se durante o dia e isso ajuda a regular o nosso rel\u00f3gio interno nas diferentes fases do dia, melhorando o nosso desempenho e promovendo um maior descanso \u00e0 noite. <br><br><\/p>\n\n\n\n<figure class=\"wp-block-image\"><img loading=\"lazy\" decoding=\"async\" width=\"819\" height=\"1024\" src=\"http:\/\/www.fsys.pt\/fsysnews\/wp-content\/uploads\/2019\/02\/natural-ligh-2t-819x1024.png\" alt=\"\" class=\"wp-image-501\" srcset=\"http:\/\/www.fsys.pt\/fsysnews\/wp-content\/uploads\/2019\/02\/natural-ligh-2t-819x1024.png 819w, http:\/\/www.fsys.pt\/fsysnews\/wp-content\/uploads\/2019\/02\/natural-ligh-2t-240x300.png 240w, http:\/\/www.fsys.pt\/fsysnews\/wp-content\/uploads\/2019\/02\/natural-ligh-2t-768x960.png 768w, http:\/\/www.fsys.pt\/fsysnews\/wp-content\/uploads\/2019\/02\/natural-ligh-2t-624x780.png 624w, http:\/\/www.fsys.pt\/fsysnews\/wp-content\/uploads\/2019\/02\/natural-ligh-2t.png 1156w\" sizes=\"auto, (max-width: 819px) 100vw, 819px\" \/><\/figure>\n\n\n\n<p>Ao n\u00edvel arquitect\u00f3nico este sistema permite recriar a sensa\u00e7\u00e3o de maior espa\u00e7o e liberdade mesmo em divis\u00f5es interiores ou espa\u00e7os com pouca ou nenhuma luz natural. <\/p>\n\n\n\n<p>Mais informa\u00e7\u00f5es em info@fsys.pt<\/p>\n","protected":false},"excerpt":{"rendered":"<p>A luz do dia \u00e9 um recurso muito importante para o nosso bem estar. Estudos demonstram que a luz do dia tem um grande impacto na nossa sa\u00fade, tanto f\u00edsica como psicol\u00f3gica. A nossa exposi\u00e7\u00e3o \u00e0 luz solar varia significativamente dependendo do tempo, das esta\u00e7\u00f5es do ano, da latitude, do clima e do tipo de [&hellip;]<\/p>\n","protected":false},"author":1,"featured_media":0,"comment_status":"closed","ping_status":"open","sticky":false,"template":"","format":"standard","meta":{"footnotes":""},"categories":[5,15,3,27],"tags":[113],"class_list":["post-494","post","type-post","status-publish","format-standard","hentry","category-automacao","category-conforto","category-domotica","category-novidades-fsys","tag-daylight-naturallight"],"_links":{"self":[{"href":"http:\/\/www.fsys.pt\/fsysnews\/wp-json\/wp\/v2\/posts\/494","targetHints":{"allow":["GET"]}}],"collection":[{"href":"http:\/\/www.fsys.pt\/fsysnews\/wp-json\/wp\/v2\/posts"}],"about":[{"href":"http:\/\/www.fsys.pt\/fsysnews\/wp-json\/wp\/v2\/types\/post"}],"author":[{"embeddable":true,"href":"http:\/\/www.fsys.pt\/fsysnews\/wp-json\/wp\/v2\/users\/1"}],"replies":[{"embeddable":true,"href":"http:\/\/www.fsys.pt\/fsysnews\/wp-json\/wp\/v2\/comments?post=494"}],"version-history":[{"count":3,"href":"http:\/\/www.fsys.pt\/fsysnews\/wp-json\/wp\/v2\/posts\/494\/revisions"}],"predecessor-version":[{"id":506,"href":"http:\/\/www.fsys.pt\/fsysnews\/wp-json\/wp\/v2\/posts\/494\/revisions\/506"}],"wp:attachment":[{"href":"http:\/\/www.fsys.pt\/fsysnews\/wp-json\/wp\/v2\/media?parent=494"}],"wp:term":[{"taxonomy":"category","embeddable":true,"href":"http:\/\/www.fsys.pt\/fsysnews\/wp-json\/wp\/v2\/categories?post=494"},{"taxonomy":"post_tag","embeddable":true,"href":"http:\/\/www.fsys.pt\/fsysnews\/wp-json\/wp\/v2\/tags?post=494"}],"curies":[{"name":"wp","href":"https:\/\/api.w.org\/{rel}","templated":true}]}}